{"id":2214,"date":"2014-05-19T09:06:09","date_gmt":"2014-05-19T06:06:09","guid":{"rendered":"http:\/\/www.svarstis.lt\/?p=2214"},"modified":"2014-05-19T09:06:09","modified_gmt":"2014-05-19T06:06:09","slug":"europos_cempionatas","status":"publish","type":"post","link":"https:\/\/www.svarstis.lt\/?p=2214","title":{"rendered":"Lietuviai dalyvavo Europos \u010dempionate"},"content":{"rendered":"<p style=\"text-align: justify;\">Gegu\u017e\u0117s 12 &#8211; 16 d. Sankt Peterburge vyko Europos \u010dempionatas, kuriame dalyvavo ir Lietuvos komanda, kuri\u0105 sudar\u0117: Jolita Vitkauskait\u0117, Erneta Bumbulyt\u0117, Valentinas Zubrickis, Julius ir Justas Optai, Art\u016bras Balnionis ir m\u016bs\u0173 tautietis, gyvenantis Prancuzijoje, Gintaras \u017dilinskas.<\/p>\n<p>Jolita Vitkauskait\u0117, kuri k\u0117l\u0117 24 kg svarst\u012f, jaunimo am\u017eiaus grup\u0117je, u\u017e\u0117m\u0117 III viet\u0105. \u00a0Jos draug\u0117 Erneta Bumbulyt\u0117, kuri taip pat k\u0117l\u0117 16 kg svarst\u012f, jaunimo am\u017eiaus grup\u0117je u\u017e\u0117m\u0117 II viet\u0105, o suaugusi\u0173j\u0173 grup\u0117je &#8211; III viet\u0105.<br \/>\nValentinas Zubrickis, jaunimo am\u017eiaus grup\u0117je, keldamas 24 kg svars\u010dius, dvikov\u0117s ir ilgo ciklo rungtyse jis u\u017esitikrino I viet\u0105. \u00a0Julius Optas, dalyvav\u0119s jaunimo am\u017eiaus grup\u0117je, keldamas 24 kg svars\u010dius, dvikov\u0117s rungtyje, u\u017e\u0117m\u0117 I viet\u0105, o jo brolis Justas, dvikov\u0117s rungtyje, jaunimo am\u017eiaus grup\u0117je u\u017e\u0117m\u0117 II viet\u0105, o jaunime &#8211; I viet\u0105. Suaugusi\u0173j\u0173 am\u017eiaus grup\u0117je, dvikov\u0117s rungtyje, Art\u016bras Balnionis, keldamas 32 kg svar\u010dius, u\u017e\u0117m\u0117 4 viet\u0105. M\u016bs\u0173 tautietis, gyvenantis Pranc\u016bzijoje, Gintaras \u017dilinskas, dalyvav\u0119s suaugusi\u0173j\u0173 grup\u0117je, dvikov\u0117s rungtyje, su 32 kg svars\u010diais, i\u0161kovojo III viet\u0105.<br \/>\n<span style=\"text-decoration: underline;\"><em><strong>PASTABA<\/strong><\/em><\/span><br \/>\nInformacija bus atnaujinta atsiradus \u010dempionato protokolams.<br \/>\n&nbsp;<\/p>\n","protected":false},"excerpt":{"rendered":"<p>Gegu\u017e\u0117s 12 &#8211; 16 d. Sankt Peterburge vyko Europos \u010dempionatas, kuriame dalyvavo ir Lietuvos komanda, kuri\u0105 sudar\u0117: Jolita Vitkauskait\u0117, Erneta Bumbulyt\u0117, Valentinas Zubrickis, Julius ir Justas Optai, Art\u016bras Balnionis ir m\u016bs\u0173 tautietis, gyvenantis Prancuzijoje, Gintaras \u017dilinskas. Jolita Vitkauskait\u0117, kuri k\u0117l\u0117 24 kg svarst\u012f, jaunimo am\u017eiaus grup\u0117je, u\u017e\u0117m\u0117 III viet\u0105. \u00a0Jos draug\u0117 Erneta Bumbulyt\u0117, kuri taip [&hellip;]<\/p>\n","protected":false},"author":1,"featured_media":2618,"comment_status":"closed","ping_status":"closed","sticky":false,"template":"","format":"standard","meta":[],"categories":[1,81,82,80],"tags":[],"acf":[],"jetpack_featured_media_url":"https:\/\/i0.wp.com\/www.svarstis.lt\/wp-content\/uploads\/2014\/11\/XX-IGSF-I-diena-0101.jpg?fit=4608%2C3072&ssl=1","jetpack_shortlink":"https:\/\/wp.me\/p1N9Dt-zI","_links":{"self":[{"href":"https:\/\/www.svarstis.lt\/index.php?rest_route=\/wp\/v2\/posts\/2214"}],"collection":[{"href":"https:\/\/www.svarstis.lt\/index.php?rest_route=\/wp\/v2\/posts"}],"about":[{"href":"https:\/\/www.svarstis.lt\/index.php?rest_route=\/wp\/v2\/types\/post"}],"author":[{"embeddable":true,"href":"https:\/\/www.svarstis.lt\/index.php?rest_route=\/wp\/v2\/users\/1"}],"replies":[{"embeddable":true,"href":"https:\/\/www.svarstis.lt\/index.php?rest_route=%2Fwp%2Fv2%2Fcomments&post=2214"}],"version-history":[{"count":0,"href":"https:\/\/www.svarstis.lt\/index.php?rest_route=\/wp\/v2\/posts\/2214\/revisions"}],"wp:featuredmedia":[{"embeddable":true,"href":"https:\/\/www.svarstis.lt\/index.php?rest_route=\/wp\/v2\/media\/2618"}],"wp:attachment":[{"href":"https:\/\/www.svarstis.lt\/index.php?rest_route=%2Fwp%2Fv2%2Fmedia&parent=2214"}],"wp:term":[{"taxonomy":"category","embeddable":true,"href":"https:\/\/www.svarstis.lt\/index.php?rest_route=%2Fwp%2Fv2%2Fcategories&post=2214"},{"taxonomy":"post_tag","embeddable":true,"href":"https:\/\/www.svarstis.lt\/index.php?rest_route=%2Fwp%2Fv2%2Ftags&post=2214"}],"curies":[{"name":"wp","href":"https:\/\/api.w.org\/{rel}","templated":true}]}}